{"id":483,"date":"2024-08-26T18:09:12","date_gmt":"2024-08-26T21:09:12","guid":{"rendered":"https:\/\/jornalismoemfoco.com.br\/?p=483"},"modified":"2024-08-28T10:57:59","modified_gmt":"2024-08-28T13:57:59","slug":"lewis-hamilton-renova-contrato-com-a-mercedes-ate-2026","status":"publish","type":"post","link":"https:\/\/jornalismoemfoco.com.br\/index.php\/2024\/08\/26\/lewis-hamilton-renova-contrato-com-a-mercedes-ate-2026\/","title":{"rendered":"Lewis Hamilton Renova Contrato com a Mercedes at\u00e9 2026"},"content":{"rendered":"<p>O piloto brit\u00e2nico Lewis Hamilton renovou seu contrato com a equipe Mercedes at\u00e9 o final da temporada de 2026. A renova\u00e7\u00e3o foi anunciada nesta ter\u00e7a-feira, e Hamilton expressou sua felicidade em continuar com a equipe que o levou a conquistar sete t\u00edtulos mundiais na F\u00f3rmula 1. Aos 39 anos, o piloto continua em busca de novos recordes e da t\u00e3o sonhada oitava ta\u00e7a, que o isolaria como o maior campe\u00e3o da hist\u00f3ria da F1. A parceria entre Hamilton e Mercedes segue sendo uma das mais bem-sucedidas da hist\u00f3ria do automobilismo.<\/p>\n<p>&nbsp;<\/p>\n","protected":false},"excerpt":{"rendered":"<p>O piloto brit\u00e2nico Lewis Hamilton renovou seu contrato com a equipe Mercedes at\u00e9 o final da temporada de 2026. A renova\u00e7\u00e3o foi anunciada nesta ter\u00e7a-feira, e Hamilton expressou sua felicidade em continuar com a equipe que o levou a conquistar sete t\u00edtulos mundiais na F\u00f3rmula 1. Aos 39 anos, o piloto continua em busca de [&hellip;]<\/p>\n","protected":false},"author":1,"featured_media":500,"comment_status":"open","ping_status":"open","sticky":false,"template":"","format":"standard","meta":{"_monsterinsights_skip_tracking":false,"_monsterinsights_sitenote_active":false,"_monsterinsights_sitenote_note":"","_monsterinsights_sitenote_category":0,"footnotes":""},"categories":[23],"tags":[],"aioseo_notices":[],"_links":{"self":[{"href":"https:\/\/jornalismoemfoco.com.br\/index.php\/wp-json\/wp\/v2\/posts\/483"}],"collection":[{"href":"https:\/\/jornalismoemfoco.com.br\/index.php\/wp-json\/wp\/v2\/posts"}],"about":[{"href":"https:\/\/jornalismoemfoco.com.br\/index.php\/wp-json\/wp\/v2\/types\/post"}],"author":[{"embeddable":true,"href":"https:\/\/jornalismoemfoco.com.br\/index.php\/wp-json\/wp\/v2\/users\/1"}],"replies":[{"embeddable":true,"href":"https:\/\/jornalismoemfoco.com.br\/index.php\/wp-json\/wp\/v2\/comments?post=483"}],"version-history":[{"count":1,"href":"https:\/\/jornalismoemfoco.com.br\/index.php\/wp-json\/wp\/v2\/posts\/483\/revisions"}],"predecessor-version":[{"id":484,"href":"https:\/\/jornalismoemfoco.com.br\/index.php\/wp-json\/wp\/v2\/posts\/483\/revisions\/484"}],"wp:featuredmedia":[{"embeddable":true,"href":"https:\/\/jornalismoemfoco.com.br\/index.php\/wp-json\/wp\/v2\/media\/500"}],"wp:attachment":[{"href":"https:\/\/jornalismoemfoco.com.br\/index.php\/wp-json\/wp\/v2\/media?parent=483"}],"wp:term":[{"taxonomy":"category","embeddable":true,"href":"https:\/\/jornalismoemfoco.com.br\/index.php\/wp-json\/wp\/v2\/categories?post=483"},{"taxonomy":"post_tag","embeddable":true,"href":"https:\/\/jornalismoemfoco.com.br\/index.php\/wp-json\/wp\/v2\/tags?post=483"}],"curies":[{"name":"wp","href":"https:\/\/api.w.org\/{rel}","templated":true}]}}