{"id":480,"date":"2024-08-15T18:07:04","date_gmt":"2024-08-15T21:07:04","guid":{"rendered":"https:\/\/jornalismoemfoco.com.br\/?p=480"},"modified":"2024-08-28T10:58:53","modified_gmt":"2024-08-28T13:58:53","slug":"selecao-brasileira-de-volei-feminino-garante-vaga-nas-olimpiadas-de-paris-2024","status":"publish","type":"post","link":"https:\/\/jornalismoemfoco.com.br\/index.php\/2024\/08\/15\/selecao-brasileira-de-volei-feminino-garante-vaga-nas-olimpiadas-de-paris-2024\/","title":{"rendered":"Sele\u00e7\u00e3o Brasileira de V\u00f4lei Feminino Garante Vaga nas Olimp\u00edadas de Paris 2024"},"content":{"rendered":"<p>A Sele\u00e7\u00e3o Brasileira de V\u00f4lei Feminino conquistou sua vaga para as Olimp\u00edadas de Paris 2024 ap\u00f3s vencer a equipe da Turquia por 3 sets a 1 em um jogo emocionante. Com uma campanha impec\u00e1vel no torneio classificat\u00f3rio, as brasileiras se destacaram pela sua consist\u00eancia e talento, consolidando-se como uma das principais favoritas para o p\u00f3dio ol\u00edmpico. As jogadoras e a comiss\u00e3o t\u00e9cnica comemoraram muito a classifica\u00e7\u00e3o e j\u00e1 est\u00e3o focadas na prepara\u00e7\u00e3o para os jogos de Paris.<\/p>\n","protected":false},"excerpt":{"rendered":"<p>A Sele\u00e7\u00e3o Brasileira de V\u00f4lei Feminino conquistou sua vaga para as Olimp\u00edadas de Paris 2024 ap\u00f3s vencer a equipe da Turquia por 3 sets a 1 em um jogo emocionante. Com uma campanha impec\u00e1vel no torneio classificat\u00f3rio, as brasileiras se destacaram pela sua consist\u00eancia e talento, consolidando-se como uma das principais favoritas para o p\u00f3dio [&hellip;]<\/p>\n","protected":false},"author":1,"featured_media":499,"comment_status":"open","ping_status":"open","sticky":false,"template":"","format":"standard","meta":{"_monsterinsights_skip_tracking":false,"_monsterinsights_sitenote_active":false,"_monsterinsights_sitenote_note":"","_monsterinsights_sitenote_category":0,"footnotes":""},"categories":[23],"tags":[],"aioseo_notices":[],"_links":{"self":[{"href":"https:\/\/jornalismoemfoco.com.br\/index.php\/wp-json\/wp\/v2\/posts\/480"}],"collection":[{"href":"https:\/\/jornalismoemfoco.com.br\/index.php\/wp-json\/wp\/v2\/posts"}],"about":[{"href":"https:\/\/jornalismoemfoco.com.br\/index.php\/wp-json\/wp\/v2\/types\/post"}],"author":[{"embeddable":true,"href":"https:\/\/jornalismoemfoco.com.br\/index.php\/wp-json\/wp\/v2\/users\/1"}],"replies":[{"embeddable":true,"href":"https:\/\/jornalismoemfoco.com.br\/index.php\/wp-json\/wp\/v2\/comments?post=480"}],"version-history":[{"count":1,"href":"https:\/\/jornalismoemfoco.com.br\/index.php\/wp-json\/wp\/v2\/posts\/480\/revisions"}],"predecessor-version":[{"id":482,"href":"https:\/\/jornalismoemfoco.com.br\/index.php\/wp-json\/wp\/v2\/posts\/480\/revisions\/482"}],"wp:featuredmedia":[{"embeddable":true,"href":"https:\/\/jornalismoemfoco.com.br\/index.php\/wp-json\/wp\/v2\/media\/499"}],"wp:attachment":[{"href":"https:\/\/jornalismoemfoco.com.br\/index.php\/wp-json\/wp\/v2\/media?parent=480"}],"wp:term":[{"taxonomy":"category","embeddable":true,"href":"https:\/\/jornalismoemfoco.com.br\/index.php\/wp-json\/wp\/v2\/categories?post=480"},{"taxonomy":"post_tag","embeddable":true,"href":"https:\/\/jornalismoemfoco.com.br\/index.php\/wp-json\/wp\/v2\/tags?post=480"}],"curies":[{"name":"wp","href":"https:\/\/api.w.org\/{rel}","templated":true}]}}