{"id":407,"date":"2024-08-24T10:55:28","date_gmt":"2024-08-24T13:55:28","guid":{"rendered":"https:\/\/jornalismoemfoco.com.br\/?p=407"},"modified":"2024-08-28T11:07:11","modified_gmt":"2024-08-28T14:07:11","slug":"impacto-do-consumo-de-gorduras-trans-na-saude","status":"publish","type":"post","link":"https:\/\/jornalismoemfoco.com.br\/index.php\/2024\/08\/24\/impacto-do-consumo-de-gorduras-trans-na-saude\/","title":{"rendered":"Impacto do Consumo de Gorduras Trans na Sa\u00fade"},"content":{"rendered":"<p>As gorduras trans, encontradas em alimentos processados e frituras, s\u00e3o prejudiciais \u00e0 sa\u00fade. Elas aumentam os n\u00edveis de colesterol ruim (LDL) e diminuem o colesterol bom (HDL), elevando o risco de doen\u00e7as card\u00edacas. Reduzir o consumo de gorduras trans \u00e9 fundamental para a sa\u00fade cardiovascular.<\/p>\n","protected":false},"excerpt":{"rendered":"<p>As gorduras trans, encontradas em alimentos processados e frituras, s\u00e3o prejudiciais \u00e0 sa\u00fade. Elas aumentam os n\u00edveis de colesterol ruim (LDL) e diminuem o colesterol bom (HDL), elevando o risco de doen\u00e7as card\u00edacas. Reduzir o consumo de gorduras trans \u00e9 fundamental para a sa\u00fade cardiovascular.<\/p>\n","protected":false},"author":1,"featured_media":408,"comment_status":"open","ping_status":"open","sticky":false,"template":"","format":"standard","meta":{"_monsterinsights_skip_tracking":false,"_monsterinsights_sitenote_active":false,"_monsterinsights_sitenote_note":"","_monsterinsights_sitenote_category":0,"footnotes":""},"categories":[21],"tags":[],"aioseo_notices":[],"_links":{"self":[{"href":"https:\/\/jornalismoemfoco.com.br\/index.php\/wp-json\/wp\/v2\/posts\/407"}],"collection":[{"href":"https:\/\/jornalismoemfoco.com.br\/index.php\/wp-json\/wp\/v2\/posts"}],"about":[{"href":"https:\/\/jornalismoemfoco.com.br\/index.php\/wp-json\/wp\/v2\/types\/post"}],"author":[{"embeddable":true,"href":"https:\/\/jornalismoemfoco.com.br\/index.php\/wp-json\/wp\/v2\/users\/1"}],"replies":[{"embeddable":true,"href":"https:\/\/jornalismoemfoco.com.br\/index.php\/wp-json\/wp\/v2\/comments?post=407"}],"version-history":[{"count":1,"href":"https:\/\/jornalismoemfoco.com.br\/index.php\/wp-json\/wp\/v2\/posts\/407\/revisions"}],"predecessor-version":[{"id":409,"href":"https:\/\/jornalismoemfoco.com.br\/index.php\/wp-json\/wp\/v2\/posts\/407\/revisions\/409"}],"wp:featuredmedia":[{"embeddable":true,"href":"https:\/\/jornalismoemfoco.com.br\/index.php\/wp-json\/wp\/v2\/media\/408"}],"wp:attachment":[{"href":"https:\/\/jornalismoemfoco.com.br\/index.php\/wp-json\/wp\/v2\/media?parent=407"}],"wp:term":[{"taxonomy":"category","embeddable":true,"href":"https:\/\/jornalismoemfoco.com.br\/index.php\/wp-json\/wp\/v2\/categories?post=407"},{"taxonomy":"post_tag","embeddable":true,"href":"https:\/\/jornalismoemfoco.com.br\/index.php\/wp-json\/wp\/v2\/tags?post=407"}],"curies":[{"name":"wp","href":"https:\/\/api.w.org\/{rel}","templated":true}]}}