{"id":400,"date":"2024-08-25T10:52:10","date_gmt":"2024-08-25T13:52:10","guid":{"rendered":"https:\/\/jornalismoemfoco.com.br\/?p=400"},"modified":"2024-08-28T11:08:05","modified_gmt":"2024-08-28T14:08:05","slug":"alimentos-ricos-em-vitamina-c-e-seus-beneficios","status":"publish","type":"post","link":"https:\/\/jornalismoemfoco.com.br\/index.php\/2024\/08\/25\/alimentos-ricos-em-vitamina-c-e-seus-beneficios\/","title":{"rendered":"Alimentos Ricos em Vitamina C e seus Benef\u00edcios"},"content":{"rendered":"<p>A vitamina C \u00e9 essencial para o sistema imunol\u00f3gico, a sa\u00fade da pele e a absor\u00e7\u00e3o de ferro. Frutas c\u00edtricas, morangos, kiwis e piment\u00f5es s\u00e3o \u00f3timas fontes dessa vitamina. Incorporar esses alimentos na dieta di\u00e1ria pode fortalecer a imunidade e melhorar a sa\u00fade geral.<\/p>\n","protected":false},"excerpt":{"rendered":"<p>A vitamina C \u00e9 essencial para o sistema imunol\u00f3gico, a sa\u00fade da pele e a absor\u00e7\u00e3o de ferro. Frutas c\u00edtricas, morangos, kiwis e piment\u00f5es s\u00e3o \u00f3timas fontes dessa vitamina. Incorporar esses alimentos na dieta di\u00e1ria pode fortalecer a imunidade e melhorar a sa\u00fade geral.<\/p>\n","protected":false},"author":1,"featured_media":401,"comment_status":"open","ping_status":"open","sticky":false,"template":"","format":"standard","meta":{"_monsterinsights_skip_tracking":false,"_monsterinsights_sitenote_active":false,"_monsterinsights_sitenote_note":"","_monsterinsights_sitenote_category":0,"footnotes":""},"categories":[21],"tags":[],"aioseo_notices":[],"_links":{"self":[{"href":"https:\/\/jornalismoemfoco.com.br\/index.php\/wp-json\/wp\/v2\/posts\/400"}],"collection":[{"href":"https:\/\/jornalismoemfoco.com.br\/index.php\/wp-json\/wp\/v2\/posts"}],"about":[{"href":"https:\/\/jornalismoemfoco.com.br\/index.php\/wp-json\/wp\/v2\/types\/post"}],"author":[{"embeddable":true,"href":"https:\/\/jornalismoemfoco.com.br\/index.php\/wp-json\/wp\/v2\/users\/1"}],"replies":[{"embeddable":true,"href":"https:\/\/jornalismoemfoco.com.br\/index.php\/wp-json\/wp\/v2\/comments?post=400"}],"version-history":[{"count":1,"href":"https:\/\/jornalismoemfoco.com.br\/index.php\/wp-json\/wp\/v2\/posts\/400\/revisions"}],"predecessor-version":[{"id":402,"href":"https:\/\/jornalismoemfoco.com.br\/index.php\/wp-json\/wp\/v2\/posts\/400\/revisions\/402"}],"wp:featuredmedia":[{"embeddable":true,"href":"https:\/\/jornalismoemfoco.com.br\/index.php\/wp-json\/wp\/v2\/media\/401"}],"wp:attachment":[{"href":"https:\/\/jornalismoemfoco.com.br\/index.php\/wp-json\/wp\/v2\/media?parent=400"}],"wp:term":[{"taxonomy":"category","embeddable":true,"href":"https:\/\/jornalismoemfoco.com.br\/index.php\/wp-json\/wp\/v2\/categories?post=400"},{"taxonomy":"post_tag","embeddable":true,"href":"https:\/\/jornalismoemfoco.com.br\/index.php\/wp-json\/wp\/v2\/tags?post=400"}],"curies":[{"name":"wp","href":"https:\/\/api.w.org\/{rel}","templated":true}]}}