{"id":388,"date":"2024-08-20T10:48:55","date_gmt":"2024-08-20T13:48:55","guid":{"rendered":"https:\/\/jornalismoemfoco.com.br\/?p=388"},"modified":"2024-08-28T11:09:46","modified_gmt":"2024-08-28T14:09:46","slug":"como-o-consumo-de-fibra-ajuda-na-digestao","status":"publish","type":"post","link":"https:\/\/jornalismoemfoco.com.br\/index.php\/2024\/08\/20\/como-o-consumo-de-fibra-ajuda-na-digestao\/","title":{"rendered":"Como o Consumo de Fibra Ajuda na Digest\u00e3o"},"content":{"rendered":"<p>A fibra alimentar \u00e9 crucial para um sistema digestivo saud\u00e1vel. Encontrada em frutas, vegetais, gr\u00e3os integrais e legumes, a fibra ajuda a regular o tr\u00e2nsito intestinal, prevenir a constipa\u00e7\u00e3o e reduzir o risco de doen\u00e7as digestivas, como a diverticulite.<\/p>\n","protected":false},"excerpt":{"rendered":"<p>A fibra alimentar \u00e9 crucial para um sistema digestivo saud\u00e1vel. Encontrada em frutas, vegetais, gr\u00e3os integrais e legumes, a fibra ajuda a regular o tr\u00e2nsito intestinal, prevenir a constipa\u00e7\u00e3o e reduzir o risco de doen\u00e7as digestivas, como a diverticulite.<\/p>\n","protected":false},"author":1,"featured_media":389,"comment_status":"open","ping_status":"open","sticky":false,"template":"","format":"standard","meta":{"_monsterinsights_skip_tracking":false,"_monsterinsights_sitenote_active":false,"_monsterinsights_sitenote_note":"","_monsterinsights_sitenote_category":0,"footnotes":""},"categories":[21],"tags":[],"aioseo_notices":[],"_links":{"self":[{"href":"https:\/\/jornalismoemfoco.com.br\/index.php\/wp-json\/wp\/v2\/posts\/388"}],"collection":[{"href":"https:\/\/jornalismoemfoco.com.br\/index.php\/wp-json\/wp\/v2\/posts"}],"about":[{"href":"https:\/\/jornalismoemfoco.com.br\/index.php\/wp-json\/wp\/v2\/types\/post"}],"author":[{"embeddable":true,"href":"https:\/\/jornalismoemfoco.com.br\/index.php\/wp-json\/wp\/v2\/users\/1"}],"replies":[{"embeddable":true,"href":"https:\/\/jornalismoemfoco.com.br\/index.php\/wp-json\/wp\/v2\/comments?post=388"}],"version-history":[{"count":1,"href":"https:\/\/jornalismoemfoco.com.br\/index.php\/wp-json\/wp\/v2\/posts\/388\/revisions"}],"predecessor-version":[{"id":390,"href":"https:\/\/jornalismoemfoco.com.br\/index.php\/wp-json\/wp\/v2\/posts\/388\/revisions\/390"}],"wp:featuredmedia":[{"embeddable":true,"href":"https:\/\/jornalismoemfoco.com.br\/index.php\/wp-json\/wp\/v2\/media\/389"}],"wp:attachment":[{"href":"https:\/\/jornalismoemfoco.com.br\/index.php\/wp-json\/wp\/v2\/media?parent=388"}],"wp:term":[{"taxonomy":"category","embeddable":true,"href":"https:\/\/jornalismoemfoco.com.br\/index.php\/wp-json\/wp\/v2\/categories?post=388"},{"taxonomy":"post_tag","embeddable":true,"href":"https:\/\/jornalismoemfoco.com.br\/index.php\/wp-json\/wp\/v2\/tags?post=388"}],"curies":[{"name":"wp","href":"https:\/\/api.w.org\/{rel}","templated":true}]}}